{"id":6670,"date":"2023-06-22T16:42:27","date_gmt":"2023-06-22T14:42:27","guid":{"rendered":"https:\/\/beanmachine.be\/une-drh-passionnee-le-parcours-non-conventionnel-de-karin-van-roy-dans-les-ressources-humaines\/"},"modified":"2024-07-04T09:49:29","modified_gmt":"2024-07-04T07:49:29","slug":"une-drh-passionnee-le-parcours-non-conventionnel-de-karin-van-roy-dans-les-ressources-humaines","status":"publish","type":"post","link":"https:\/\/beanmachine.be\/fr\/une-drh-passionnee-le-parcours-non-conventionnel-de-karin-van-roy-dans-les-ressources-humaines\/","title":{"rendered":"Une DRH passionn\u00e9e : le parcours non conventionnel de Karin Van Roy dans les ressources humaines"},"content":{"rendered":"\t\t<div data-elementor-type=\"wp-post\" data-elementor-id=\"6670\" class=\"elementor elementor-6670 elementor-4333\" data-elementor-post-type=\"post\">\n\t\t\t\t<div class=\"elementor-element elementor-element-2c51584 e-flex e-con-boxed e-con e-parent\" data-id=\"2c51584\" data-element_type=\"container\" data-e-type=\"container\">\n\t\t\t\t\t<div class=\"e-con-inner\">\n\t\t\t\t<div class=\"elementor-element elementor-element-d6bc4d9 elementor-widget elementor-widget-text-editor\" data-id=\"d6bc4d9\" data-element_type=\"widget\" data-e-type=\"widget\" data-widget_type=\"text-editor.default\">\n\t\t\t\t<div class=\"elementor-widget-container\">\n\t\t\t\t\t\t\t\t\t<p><em>Si vous avez d\u00e9j\u00e0 eu l&rsquo;occasion de parler avec Karin Van Roy, la DRH actuelle d&rsquo;Arvesta, vous savez que son approche des ressources humaines est tout sauf traditionnelle. Pour elle, le r\u00f4le du DRH va bien au-del\u00e0 de la simple gestion des salaires ou du recrutement de personnel. Il s&rsquo;agit d&rsquo;un &nbsp; r\u00f4le strat\u00e9gique qui consiste \u00e0 \u00e9tablir et \u00e0 maintenir des relations solides, \u00e0 promouvoir une communication ouverte et \u00e0 cr\u00e9er une culture o\u00f9 les gens se sentent appr\u00e9ci\u00e9s et motiv\u00e9s.&nbsp;<\/em><\/p>\n<p><em>Dans un entretien approfondi qui para\u00eetra dans notre magazine en septembre, Hans Donckers a l&rsquo;occasion de parler avec Karin de sa carri\u00e8re, de sa vision des RH et de la mani\u00e8re dont elle est parvenue \u00e0 op\u00e9rer une transformation en tant que DRH dans une organisation aussi profond\u00e9ment ancr\u00e9e dans le secteur agricole qu&rsquo;Arvesta.&nbsp;<\/em><\/p>\n<p><em>\u00ab\u00a0Je pense v\u00e9ritablement que l&rsquo;on peut tomber amoureux d&rsquo;une entreprise et que cette relation doit venir des deux c\u00f4t\u00e9s. Je me sens rapidement li\u00e9e \u00e0 une entreprise et je parle donc facilement en &lsquo;nous&rsquo; et en &lsquo;notre'\u00a0\u00bb, explique Karin au cours de la conversation.<\/em><\/p>\t\t\t\t\t\t\t\t<\/div>\n\t\t\t\t<\/div>\n\t\t\t\t<div class=\"elementor-element elementor-element-44f94d3 elementor-widget elementor-widget-image\" data-id=\"44f94d3\" data-element_type=\"widget\" data-e-type=\"widget\" data-widget_type=\"image.default\">\n\t\t\t\t<div class=\"elementor-widget-container\">\n\t\t\t\t\t\t\t\t\t\t\t\t\t\t\t<img fetchpriority=\"high\" decoding=\"async\" width=\"750\" height=\"1000\" src=\"https:\/\/beanmachine.be\/wp-content\/uploads\/Karin-Van-Roy.jpeg\" class=\"attachment-large size-large wp-image-4415\" alt=\"\" srcset=\"https:\/\/beanmachine.be\/wp-content\/uploads\/Karin-Van-Roy.jpeg 750w, https:\/\/beanmachine.be\/wp-content\/uploads\/Karin-Van-Roy-225x300.jpeg 225w\" sizes=\"(max-width: 750px) 100vw, 750px\" \/>\t\t\t\t\t\t\t\t\t\t\t\t\t\t\t<\/div>\n\t\t\t\t<\/div>\n\t\t\t\t\t<\/div>\n\t\t\t\t<\/div>\n\t\t<div class=\"elementor-element elementor-element-25c1211 e-flex e-con-boxed e-con e-parent\" data-id=\"25c1211\" data-element_type=\"container\" data-e-type=\"container\">\n\t\t\t\t\t<div class=\"e-con-inner\">\n\t\t\t\t<div class=\"elementor-element elementor-element-ba011bc elementor-widget elementor-widget-heading\" data-id=\"ba011bc\" data-element_type=\"widget\" data-e-type=\"widget\" data-widget_type=\"heading.default\">\n\t\t\t\t<div class=\"elementor-widget-container\">\n\t\t\t\t\t<h2 class=\"elementor-heading-title elementor-size-default\">Du monde juridique au monde de l'entreprise<\/h2>\t\t\t\t<\/div>\n\t\t\t\t<\/div>\n\t\t\t\t\t<\/div>\n\t\t\t\t<\/div>\n\t\t<div class=\"elementor-element elementor-element-67665ee e-flex e-con-boxed e-con e-parent\" data-id=\"67665ee\" data-element_type=\"container\" data-e-type=\"container\">\n\t\t\t\t\t<div class=\"e-con-inner\">\n\t\t\t\t<div class=\"elementor-element elementor-element-412a411 elementor-widget elementor-widget-text-editor\" data-id=\"412a411\" data-element_type=\"widget\" data-e-type=\"widget\" data-widget_type=\"text-editor.default\">\n\t\t\t\t<div class=\"elementor-widget-container\">\n\t\t\t\t\t\t\t\t\t<p><span class=\"NormalTextRun SCXW247160051 BCX9\">L&rsquo;histoire de Karin est celle d&rsquo;une passion et d&rsquo;une d\u00e9termination, mais aussi<\/span> d&rsquo;une <span class=\"NormalTextRun SCXW247160051 BCX9\">volont\u00e9<\/span><span class=\"NormalTextRun SCXW247160051 BCX9\"> d&rsquo;adaptation et d&rsquo;\u00e9volution. Elle a commenc\u00e9 sa carri\u00e8re en tant qu&rsquo;avocate avec la noble ambition de \u00ab\u00a0supprimer l&rsquo;injustice en Flandre\u00a0\u00bb, mais elle a rapidement r\u00e9alis\u00e9 qu&rsquo;elle \u00e9tait sur une voie qui <\/span><span class=\"NormalTextRun SCXW247160051 BCX9\">ne<\/span><span class=\"NormalTextRun SCXW247160051 BCX9\"> correspondait pas \u00e0 ses principes. Elle s&rsquo;est donc tourn\u00e9e vers le monde de l&rsquo;entreprise, o\u00f9 elle a eu cette opportunit\u00e9 d&rsquo;avoir un impact positif sur la vie des employ\u00e9s.<\/span><\/p>\n\t\t\t\t\t\t\t\t<\/div>\n\t\t\t\t<\/div>\n\t\t\t\t\t<\/div>\n\t\t\t\t<\/div>\n\t\t<div class=\"elementor-element elementor-element-0093e47 e-flex e-con-boxed e-con e-parent\" data-id=\"0093e47\" data-element_type=\"container\" data-e-type=\"container\">\n\t\t\t\t\t<div class=\"e-con-inner\">\n\t\t\t\t<div class=\"elementor-element elementor-element-c740d37 elementor-widget elementor-widget-heading\" data-id=\"c740d37\" data-element_type=\"widget\" data-e-type=\"widget\" data-widget_type=\"heading.default\">\n\t\t\t\t<div class=\"elementor-widget-container\">\n\t\t\t\t\t<h2 class=\"elementor-heading-title elementor-size-default\">L'importance d'un travail qui a du sens<\/h2>\t\t\t\t<\/div>\n\t\t\t\t<\/div>\n\t\t\t\t\t<\/div>\n\t\t\t\t<\/div>\n\t\t<div class=\"elementor-element elementor-element-3430ff5 e-flex e-con-boxed e-con e-parent\" data-id=\"3430ff5\" data-element_type=\"container\" data-e-type=\"container\">\n\t\t\t\t\t<div class=\"e-con-inner\">\n\t\t\t\t<div class=\"elementor-element elementor-element-bef587a elementor-widget elementor-widget-text-editor\" data-id=\"bef587a\" data-element_type=\"widget\" data-e-type=\"widget\" data-widget_type=\"text-editor.default\">\n\t\t\t\t<div class=\"elementor-widget-container\">\n\t\t\t\t\t\t\t\t\t<p><span data-contrast=\"none\">Ce qui rend cette interview si int\u00e9ressante, ce sont les r\u00e9flexions que Karin partage sur l&rsquo;importance d&rsquo;un travail qui a du sens et sur la mani\u00e8re dont les organisations et les employ\u00e9s peuvent travailler ensemble pour y parvenir. \u00ab\u00a0Il est important que les employ\u00e9s prennent \u00e9galement la responsabilit\u00e9 de signaler lorsqu&rsquo;ils ne sont pas satisfaits et de chercher des solutions envisageables, tant en interne qu&rsquo;en externe\u00a0\u00bb, explique Karin.<\/span><span data-ccp-props=\"{\"201341983\":0,\"335551550\":0,\"335551620\":0,\"335559739\":160,\"335559740\":259}\"> <\/span><\/p>\n<p><span data-contrast=\"none\">Karin admet qu&rsquo;il n&rsquo;est pas facile de cr\u00e9er un tel environnement, mais elle se sent appel\u00e9e, dans son r\u00f4le de DRH d&rsquo;Arvesta, \u00e0 poursuivre cet objectif. Elle est convaincue que la satisfaction au travail est une responsabilit\u00e9 qui incombe \u00e0 la fois \u00e0 l&#8217;employ\u00e9 et \u00e0 l&#8217;employeur.<\/span><\/p>\n\t\t\t\t\t\t\t\t<\/div>\n\t\t\t\t<\/div>\n\t\t\t\t\t<\/div>\n\t\t\t\t<\/div>\n\t\t<div class=\"elementor-element elementor-element-2c1c379 e-flex e-con-boxed e-con e-parent\" data-id=\"2c1c379\" data-element_type=\"container\" data-e-type=\"container\">\n\t\t\t\t\t<div class=\"e-con-inner\">\n\t\t\t\t<div class=\"elementor-element elementor-element-12c2e4c elementor-widget elementor-widget-heading\" data-id=\"12c2e4c\" data-element_type=\"widget\" data-e-type=\"widget\" data-widget_type=\"heading.default\">\n\t\t\t\t<div class=\"elementor-widget-container\">\n\t\t\t\t\t<h2 class=\"elementor-heading-title elementor-size-default\">Construire une culture de communication ouverte<\/h2>\t\t\t\t<\/div>\n\t\t\t\t<\/div>\n\t\t\t\t\t<\/div>\n\t\t\t\t<\/div>\n\t\t<div class=\"elementor-element elementor-element-a50a2e9 e-flex e-con-boxed e-con e-parent\" data-id=\"a50a2e9\" data-element_type=\"container\" data-e-type=\"container\">\n\t\t\t\t\t<div class=\"e-con-inner\">\n\t\t\t\t<div class=\"elementor-element elementor-element-74b9824 elementor-widget elementor-widget-text-editor\" data-id=\"74b9824\" data-element_type=\"widget\" data-e-type=\"widget\" data-widget_type=\"text-editor.default\">\n\t\t\t\t<div class=\"elementor-widget-container\">\n\t\t\t\t\t\t\t\t\t<p><span class=\"TextRun SCXW59366237 BCX9\" lang=\"EN-US\" xml:lang=\"EN-US\" data-contrast=\"none\"><span class=\"NormalTextRun SCXW59366237 BCX9\">Une partie de cette culture d&rsquo;\u00e9panouissement consiste \u00e0 impliquer activement les employ\u00e9s dans la prise de d\u00e9cision et \u00e0 leur donner la confiance n\u00e9cessaire pour qu&rsquo;ils partagent ouvertement leurs opinions. Karin souligne que cette culture de la communication ouverte n&rsquo;a pas toujours \u00e9t\u00e9 pr\u00e9sente chez Arvesta, mais qu&rsquo;elle a travaill\u00e9 dur, avec la direction de l&rsquo;entreprise et son \u00e9quipe, pour la promouvoir.<\/span><\/span><\/p>\n\t\t\t\t\t\t\t\t<\/div>\n\t\t\t\t<\/div>\n\t\t\t\t\t<\/div>\n\t\t\t\t<\/div>\n\t\t<div class=\"elementor-element elementor-element-b47185c e-flex e-con-boxed e-con e-parent\" data-id=\"b47185c\" data-element_type=\"container\" data-e-type=\"container\">\n\t\t\t\t\t<div class=\"e-con-inner\">\n\t\t\t\t<div class=\"elementor-element elementor-element-3e6ad5b elementor-widget elementor-widget-heading\" data-id=\"3e6ad5b\" data-element_type=\"widget\" data-e-type=\"widget\" data-widget_type=\"heading.default\">\n\t\t\t\t<div class=\"elementor-widget-container\">\n\t\t\t\t\t<h2 class=\"elementor-heading-title elementor-size-default\">Red\u00e9finir le r\u00f4le de DRH<\/h2>\t\t\t\t<\/div>\n\t\t\t\t<\/div>\n\t\t\t\t\t<\/div>\n\t\t\t\t<\/div>\n\t\t<div class=\"elementor-element elementor-element-ed5838d e-flex e-con-boxed e-con e-parent\" data-id=\"ed5838d\" data-element_type=\"container\" data-e-type=\"container\">\n\t\t\t\t\t<div class=\"e-con-inner\">\n\t\t\t\t<div class=\"elementor-element elementor-element-5722fa0 elementor-widget elementor-widget-text-editor\" data-id=\"5722fa0\" data-element_type=\"widget\" data-e-type=\"widget\" data-widget_type=\"text-editor.default\">\n\t\t\t\t<div class=\"elementor-widget-container\">\n\t\t\t\t\t\t\t\t\t<p><span data-contrast=\"none\">Les propos de Karin offrent une nouvelle perspective sur le r\u00f4le du DRH. Ils sont pertinents tant pour les leaders RH qui souhaitent transformer leurs propres \u00e9quipes que pour les employ\u00e9s qui cherchent des moyens de donner un sens \u00e0 leur carri\u00e8re et de la rendre plus gratifiante.<\/span><span data-ccp-props=\"{\"201341983\":0,\"335551550\":0,\"335551620\":0,\"335559739\":160,\"335559740\":259}\"> <\/span><\/p>\n<p><span data-contrast=\"none\">Mais ce n&rsquo;est qu&rsquo;une petite partie de l&rsquo;histoire. Dans l&rsquo;interview compl\u00e8te, Karin parle plus amplement de son parcours personnel, des d\u00e9fis et des opportunit\u00e9s du secteur agricole, de la fiert\u00e9 et de la passion de ses employ\u00e9s, et de son appel \u00e0 plus d&rsquo;audace et de fiert\u00e9 dans le monde des affaires en Belgique.<\/span><span data-ccp-props=\"{\"201341983\":0,\"335551550\":0,\"335551620\":0,\"335559739\":160,\"335559740\":259}\"> <\/span><\/p>\n<p><i><span data-contrast=\"none\">Si vous \u00eates curieux et que vous voulez entendre toute l&rsquo;histoire, inscrivez-vous pour lire l&rsquo;article complet dans le magazine qui sortira en septembre !<\/span><\/i><span data-ccp-props=\"{\"201341983\":0,\"335551550\":0,\"335551620\":0,\"335559739\":160,\"335559740\":259}\"> <\/span><\/p>\n\t\t\t\t\t\t\t\t<\/div>\n\t\t\t\t<\/div>\n\t\t\t\t\t<\/div>\n\t\t\t\t<\/div>\n\t\t<div class=\"elementor-element elementor-element-74e6c45 e-flex e-con-boxed e-con e-parent\" data-id=\"74e6c45\" data-element_type=\"container\" data-e-type=\"container\">\n\t\t\t\t\t<div class=\"e-con-inner\">\n\t\t\t\t<div class=\"elementor-element elementor-element-4d3bc3f elementor-widget elementor-widget-template\" data-id=\"4d3bc3f\" data-element_type=\"widget\" data-e-type=\"widget\" data-widget_type=\"template.default\">\n\t\t\t\t<div class=\"elementor-widget-container\">\n\t\t\t\t\t\t\t<div class=\"elementor-template\">\n\t\t\t\t\t<div data-elementor-type=\"page\" data-elementor-id=\"7113\" class=\"elementor elementor-7113 elementor-4099 elementor-4099\" data-elementor-post-type=\"elementor_library\">\n\t\t\t\t<div class=\"elementor-element elementor-element-62171ea e-flex e-con-boxed e-con e-parent\" data-id=\"62171ea\" data-element_type=\"container\" data-e-type=\"container\">\n\t\t\t\t\t<div class=\"e-con-inner\">\n\t\t<div class=\"elementor-element elementor-element-06aec4f e-flex e-con-boxed e-con e-parent\" data-id=\"06aec4f\" data-element_type=\"container\" data-e-type=\"container\" data-settings=\"{&quot;background_background&quot;:&quot;classic&quot;}\">\n\t\t\t\t\t<div class=\"e-con-inner\">\n\t\t<div class=\"elementor-element elementor-element-9c3afdf e-flex e-con-boxed e-con e-parent\" data-id=\"9c3afdf\" data-element_type=\"container\" data-e-type=\"container\">\n\t\t\t\t\t<div class=\"e-con-inner\">\n\t\t\t\t<div class=\"elementor-element elementor-element-0f9adf2 elementor-widget elementor-widget-heading\" data-id=\"0f9adf2\" data-element_type=\"widget\" data-e-type=\"widget\" data-widget_type=\"heading.default\">\n\t\t\t\t<div class=\"elementor-widget-container\">\n\t\t\t\t\t<h2 class=\"elementor-heading-title elementor-size-default\">Envie d'inspiration ?<\/h2>\t\t\t\t<\/div>\n\t\t\t\t<\/div>\n\t\t\t\t<div class=\"elementor-element elementor-element-a1400c6 elementor-widget elementor-widget-text-editor\" data-id=\"a1400c6\" data-element_type=\"widget\" data-e-type=\"widget\" data-widget_type=\"text-editor.default\">\n\t\t\t\t<div class=\"elementor-widget-container\">\n\t\t\t\t\t\t\t\t\t<p>Cliquez pour vous inscrire ! Votre inspiration ne tient qu&rsquo;\u00e0 un Beanmagazine.<br><br> <\/p>\t\t\t\t\t\t\t\t<\/div>\n\t\t\t\t<\/div>\n\t\t\t\t<div class=\"elementor-element elementor-element-254ccb1 elementor-button-align-stretch elementor-widget elementor-widget-form\" data-id=\"254ccb1\" data-element_type=\"widget\" data-e-type=\"widget\" data-settings=\"{&quot;step_next_label&quot;:&quot;Prochain&quot;,&quot;step_previous_label&quot;:&quot;Pr\\u00e9c\\u00e9dent&quot;,&quot;button_width&quot;:&quot;100&quot;,&quot;step_type&quot;:&quot;number_text&quot;,&quot;step_icon_shape&quot;:&quot;circle&quot;}\" data-widget_type=\"form.default\">\n\t\t\t\t<div class=\"elementor-widget-container\">\n\t\t\t\t\t\t\t<form class=\"elementor-form\" method=\"post\" id=\"Newsletter\" name=\"BeanMagazine\" aria-label=\"BeanMagazine\">\n\t\t\t<input type=\"hidden\" name=\"post_id\" value=\"7113\"\/>\n\t\t\t<input type=\"hidden\" name=\"form_id\" value=\"254ccb1\"\/>\n\t\t\t<input type=\"hidden\" name=\"referer_title\" value=\"\" \/>\n\n\t\t\t\n\t\t\t<div class=\"elementor-form-fields-wrapper elementor-labels-above\">\n\t\t\t\t\t\t\t\t<div class=\"elementor-field-type-hidden elementor-field-group elementor-column elementor-field-group-field_be3b1cf elementor-col-100\">\n\t\t\t\t\t\t\t\t\t\t\t\t\t<input size=\"1\" type=\"hidden\" name=\"form_fields[field_be3b1cf]\" id=\"form-field-field_be3b1cf\" class=\"elementor-field elementor-size-sm  elementor-field-textual\">\n\t\t\t\t\t\t\t\t\t\t\t<\/div>\n\t\t\t\t\t\t\t\t<div class=\"elementor-field-type-text elementor-field-group elementor-column elementor-field-group-name elementor-col-50 elementor-field-required\">\n\t\t\t\t\t\t\t\t\t\t\t\t<label for=\"form-field-name\" class=\"elementor-field-label\">\n\t\t\t\t\t\t\t\tPr\u00e9nom\t\t\t\t\t\t\t<\/label>\n\t\t\t\t\t\t\t\t\t\t\t\t\t\t<input size=\"1\" type=\"text\" name=\"form_fields[name]\" id=\"form-field-name\" class=\"elementor-field elementor-size-sm  elementor-field-textual\" placeholder=\"Pr\u00e9nom\" required=\"required\">\n\t\t\t\t\t\t\t\t\t\t\t<\/div>\n\t\t\t\t\t\t\t\t<div class=\"elementor-field-type-text elementor-field-group elementor-column elementor-field-group-field_dc39c73 elementor-col-50\">\n\t\t\t\t\t\t\t\t\t\t\t\t<label for=\"form-field-field_dc39c73\" class=\"elementor-field-label\">\n\t\t\t\t\t\t\t\tNom de famille\t\t\t\t\t\t\t<\/label>\n\t\t\t\t\t\t\t\t\t\t\t\t\t\t<input size=\"1\" type=\"text\" name=\"form_fields[field_dc39c73]\" id=\"form-field-field_dc39c73\" class=\"elementor-field elementor-size-sm  elementor-field-textual\" placeholder=\"Nom de famille\">\n\t\t\t\t\t\t\t\t\t\t\t<\/div>\n\t\t\t\t\t\t\t\t<div class=\"elementor-field-type-email elementor-field-group elementor-column elementor-field-group-email elementor-col-100 elementor-field-required\">\n\t\t\t\t\t\t\t\t\t\t\t\t<label for=\"form-field-email\" class=\"elementor-field-label\">\n\t\t\t\t\t\t\t\tEmail\t\t\t\t\t\t\t<\/label>\n\t\t\t\t\t\t\t\t\t\t\t\t\t\t<input size=\"1\" type=\"email\" name=\"form_fields[email]\" id=\"form-field-email\" class=\"elementor-field elementor-size-sm  elementor-field-textual\" placeholder=\"Email\" required=\"required\">\n\t\t\t\t\t\t\t\t\t\t\t<\/div>\n\t\t\t\t\t\t\t\t<div class=\"elementor-field-type-text elementor-field-group elementor-column elementor-field-group-field_3bcf1af elementor-col-100\">\n\t\t\t\t\t\t\t\t\t\t\t\t<label for=\"form-field-field_3bcf1af\" class=\"elementor-field-label\">\n\t\t\t\t\t\t\t\tAdresse\t\t\t\t\t\t\t<\/label>\n\t\t\t\t\t\t\t\t\t\t\t\t\t\t<input size=\"1\" type=\"text\" name=\"form_fields[field_3bcf1af]\" id=\"form-field-field_3bcf1af\" class=\"elementor-field elementor-size-sm  elementor-field-textual\" placeholder=\"Adresse\">\n\t\t\t\t\t\t\t\t\t\t\t<\/div>\n\t\t\t\t\t\t\t\t<div class=\"elementor-field-type-recaptcha_v3 elementor-field-group elementor-column elementor-field-group-field_a6b5672 elementor-col-100 recaptcha_v3-bottomright\">\n\t\t\t\t\t<div class=\"elementor-field\" id=\"form-field-field_a6b5672\"><div class=\"elementor-g-recaptcha\" data-sitekey=\"6Lc1LpwjAAAAAG6tKxx4KHgXGlCTRuODMxC9q3tl\" data-type=\"v3\" data-action=\"Form\" data-badge=\"bottomright\" data-size=\"invisible\"><\/div><\/div>\t\t\t\t<\/div>\n\t\t\t\t\t\t\t\t<div class=\"elementor-field-group elementor-column elementor-field-type-submit elementor-col-100 e-form__buttons\">\n\t\t\t\t\t<button class=\"elementor-button elementor-size-sm\" type=\"submit\">\n\t\t\t\t\t\t<span class=\"elementor-button-content-wrapper\">\n\t\t\t\t\t\t\t\t\t\t\t\t\t\t\t<span class=\"elementor-button-icon\">\n\t\t\t\t\t\t\t\t\t<i aria-hidden=\"true\" class=\"fas fa-paper-plane\"><\/i>\t\t\t\t\t\t\t\t\t\t\t\t\t\t\t\t\t<\/span>\n\t\t\t\t\t\t\t\t\t\t\t\t\t\t\t\t\t\t\t\t\t\t<span class=\"elementor-button-text\">Tenez-moi inform\u00e9(e) !<\/span>\n\t\t\t\t\t\t\t\t\t\t\t\t\t<\/span>\n\t\t\t\t\t<\/button>\n\t\t\t\t<\/div>\n\t\t\t<\/div>\n\t\t<\/form>\n\t\t\t\t\t\t<\/div>\n\t\t\t\t<\/div>\n\t\t\t\t\t<\/div>\n\t\t\t\t<\/div>\n\t\t\t\t\t<\/div>\n\t\t\t\t<\/div>\n\t\t\t\t\t<\/div>\n\t\t\t\t<\/div>\n\t\t\t\t<\/div>\n\t\t\t\t<\/div>\n\t\t\t\t\t\t<\/div>\n\t\t\t\t<\/div>\n\t\t\t\t\t<\/div>\n\t\t\t\t<\/div>\n\t\t\t\t<\/div>\n\t\t","protected":false},"excerpt":{"rendered":"<p>D\u00e9couvrez l&rsquo;approche innovante de Karin Van Roy en mati\u00e8re de ressources humaines en tant que DRH d&rsquo;Arvesta, en cultivant une communication ouverte, la satisfaction des employ\u00e9s et un leadership transformateur.<\/p>\n","protected":false},"author":6,"featured_media":4340,"comment_status":"closed","ping_status":"closed","sticky":false,"template":"","format":"standard","meta":{"_acf_changed":false,"content-type":"","footnotes":""},"categories":[153,151],"tags":[186,182,185,181,184,180,167,188,178,187,179,183,168,189],"class_list":["post-6670","post","type-post","status-publish","format-standard","has-post-thumbnail","hentry","category-cultural-transformation-fr","category-developpement-du-leadership","tag-arvesta-fr","tag-career-transformation-fr","tag-chro-fr","tag-communication-ouverte","tag-corporate-vision-fr","tag-culture-organisationnelle","tag-employee-engagement-fr","tag-employee-satisfaction-fr","tag-human-resources-fr","tag-karin-van-roy-fr","tag-leadership-fr-2","tag-secteur-agricole","tag-un-travail-qui-a-du-sens","tag-workplace-innovation-fr"],"acf":[],"_links":{"self":[{"href":"https:\/\/beanmachine.be\/fr\/wp-json\/wp\/v2\/posts\/6670","targetHints":{"allow":["GET"]}}],"collection":[{"href":"https:\/\/beanmachine.be\/fr\/wp-json\/wp\/v2\/posts"}],"about":[{"href":"https:\/\/beanmachine.be\/fr\/wp-json\/wp\/v2\/types\/post"}],"author":[{"embeddable":true,"href":"https:\/\/beanmachine.be\/fr\/wp-json\/wp\/v2\/users\/6"}],"replies":[{"embeddable":true,"href":"https:\/\/beanmachine.be\/fr\/wp-json\/wp\/v2\/comments?post=6670"}],"version-history":[{"count":0,"href":"https:\/\/beanmachine.be\/fr\/wp-json\/wp\/v2\/posts\/6670\/revisions"}],"wp:featuredmedia":[{"embeddable":true,"href":"https:\/\/beanmachine.be\/fr\/wp-json\/wp\/v2\/media\/4340"}],"wp:attachment":[{"href":"https:\/\/beanmachine.be\/fr\/wp-json\/wp\/v2\/media?parent=6670"}],"wp:term":[{"taxonomy":"category","embeddable":true,"href":"https:\/\/beanmachine.be\/fr\/wp-json\/wp\/v2\/categories?post=6670"},{"taxonomy":"post_tag","embeddable":true,"href":"https:\/\/beanmachine.be\/fr\/wp-json\/wp\/v2\/tags?post=6670"}],"curies":[{"name":"wp","href":"https:\/\/api.w.org\/{rel}","templated":true}]}}