{"id":6722,"date":"2022-10-11T17:43:38","date_gmt":"2022-10-11T15:43:38","guid":{"rendered":"https:\/\/beanmachine.be\/6-tendances-du-mode-de-travail-hybride\/"},"modified":"2024-06-22T10:46:23","modified_gmt":"2024-06-22T08:46:23","slug":"6-tendances-du-mode-de-travail-hybride","status":"publish","type":"post","link":"https:\/\/beanmachine.be\/fr\/6-tendances-du-mode-de-travail-hybride\/","title":{"rendered":"6 Tendances du mode de travail hybride"},"content":{"rendered":"\n<p>Il y a encore quelques ann\u00e9es, on parlait surtout de voitures hybrides. Aujourd&rsquo;hui, apr\u00e8s une p\u00e9riode de travail \u00e0 distance, nous assistons \u00e0 une \u00e9volution vers un mode de travail hybride. Les entreprises s&rsquo;impatientent de ramener leurs employ\u00e9s au bureau. Si certains employ\u00e9s ressentent le m\u00eame besoin, d&rsquo;autres sont plus r\u00e9ticents \u00e0 abandonner leur espace s\u00e9curis\u00e9 \u00e0 la maison. C&rsquo;est aux leaders et aux responsables RH qu&rsquo;il incombe de constituer le puzzle, dont les pi\u00e8ces sont les besoins personnels, les sentiments et les pr\u00e9f\u00e9rences de leurs employ\u00e9s. <\/p>\n\n<p>Pour aider et inspirer, nous partageons six tendances que nous avons remarqu\u00e9es dans le mode de travail hybride &#8211; bas\u00e9es sur ce que nous vivons sur le terrain et ce que nous lisons dans nos fils d&rsquo;actualit\u00e9.<\/p>\n\n<h2 class=\"wp-block-heading\">1 &#8211; L&rsquo;hybride craint, l&rsquo;avenir est \u00e0 l&rsquo;hybride<\/h2>\n\n<p>L&rsquo;ann\u00e9e derni\u00e8re, nous avons tous trouv\u00e9 nos fa\u00e7ons d&rsquo;aborder notre travail quotidien. Mais pour les r\u00e9unions, les formations et les workshops, <strong>l&rsquo;hybride, c&rsquo;est simplement une horreur. <\/strong> Lorsque l&rsquo;on m\u00e9lange des personnes pr\u00e9sentes au bureau et des personnes qui se connectent, les probl\u00e8mes de connexion (\u00e0 la fois techniques et relationnels) et les erreurs de communication peuvent g\u00e9n\u00e9rer des tensions. Les personnes \u00e0 la maison se sentent exclues parce qu&rsquo;elles ratent la moiti\u00e9 de ce qui se dit, tandis que les personnes au bureau sont frustr\u00e9es parce qu&rsquo;elles doivent se r\u00e9p\u00e9ter toutes les deux secondes. Sans parler des pauvres bougres qui doivent diriger ou animer ces r\u00e9unions hybrides. <\/p>\n\n<p>Vous vous dites peut-\u00eatre : \u00ab\u00a0J&rsquo;ai h\u00e2te que cela se termine pour que nous puissions enfin nous retrouver en personne\u00a0\u00bb. D\u00e9trompez-vous. Car, que nous le voulions ou non, notre futur mode de travail sera tr\u00e8s certainement hybride. Maintenant que nous avons go\u00fbt\u00e9 au plaisir du travail \u00e0 distance, nous ne pouvons plus revenir en arri\u00e8re. Les organisations devront relever le d\u00e9fi de trouver comment amener leurs \u00e9quipes \u00e0 interagir et \u00e0 collaborer dans ce contexte hybride.<\/p>\n\n<p>Heureusement, l&rsquo;hybride n&rsquo;est pas forc\u00e9ment mauvais. <strong>Tout d\u00e9pend de la mani\u00e8re. <\/strong> La mani\u00e8re de passer \u00e0 l&rsquo;hybride n&rsquo;est pas grav\u00e9e dans le marbre et d\u00e9pend des besoins de votre personnel et de votre organisation. Cela n\u00e9cessitera une refonte compl\u00e8te de votre lieu de travail, de vos processus de travail et de votre personnel. Mais si vous y parvenez, ce mode de travail hybride conduira \u00e0 un mode de travail plus productif et plus pertinent. Mais si vous y parvenez, ce mode de travail hybride conduira \u00e0 un mode de travail plus productif et plus pertinent.<\/p>\n\n<h2 class=\"wp-block-heading\">2 &#8211; Lorsqu&rsquo;il s&rsquo;agit de nos \u00e9quipes, 1 + 1 n&rsquo;est plus \u00e9gal \u00e0 3<\/h2>\n\n<p>Selon <a href=\"https:\/\/hbr.org\/2021\/03\/what-a-year-of-wfh-has-done-to-our-relationships-at-work?ab=hero-main-text\" rel=\"nofollow noopener\" target=\"_blank\">plusieurs \u00e9tudes men\u00e9es par Microsoft<\/a>, l&rsquo;un des changements les plus importants et les plus inqui\u00e9tants dans notre nature de travail est l&rsquo;impact qu&rsquo;une ann\u00e9e de travail \u00e0 distance (\u00e0 temps plein) a eu sur nos connexions organisationnelles. En analysant des millions de signaux de productivit\u00e9 (emails, r\u00e9unions, chats, &#8230;) et en menant une enqu\u00eate aupr\u00e8s de plus de 30 000 personnes, ils ont d\u00e9couvert que le passage au travail \u00e0 distance et au travail hybride a consid\u00e9rablement r\u00e9duit les r\u00e9seaux des gens.<\/p>\n\n<p>Depuis que la pand\u00e9mie a frapp\u00e9, notre priorit\u00e9 absolue a \u00e9t\u00e9 de veiller \u00e0 ce que chacun dispose de tout ce dont il a besoin pour rester en bonne sant\u00e9 et heureux et pour \u00eatre performant sur sa petite \u00eele dans la vaste \u00e9tendue du travail \u00e0 distance. Cette attention accrue port\u00e9e au bien-\u00eatre individuel a d\u00e9tourn\u00e9 l&rsquo;attention port\u00e9e aux \u00e9quipes. Nous avons perdu les liens entre ces \u00eeles. Les relations et la collaboration entre les membres de l&rsquo;\u00e9quipe. Ce sentiment <strong>d&rsquo;appartenance<\/strong>, de faire partie d&rsquo;une \u00e9quipe avec un objectif commun.<\/p>\n\n<p>En animant nous-m\u00eames des \u00e9quipes \u00e0 distance, nous avons remarqu\u00e9 que, pour de nombreuses organisations, le plus grand probl\u00e8me n&rsquo;est pas la performance individuelle des membres de l&rsquo;\u00e9quipe, mais la diminution du sentiment d&rsquo;appartenance qui se traduit par une baisse de la performance de l&rsquo;\u00e9quipe. L&rsquo;un des plus grands d\u00e9fis auxquels les leaders sont confront\u00e9s aujourd&rsquo;hui est de savoir comment cr\u00e9er un contexte dans lequel les membres de l&rsquo;\u00e9quipe restent en contact et conservent ce sentiment d&rsquo;appartenance. <\/p>\n\n<h2 class=\"wp-block-heading\">3 &#8211; D&rsquo;un mode de travail hybride \u00e0 un mode d&rsquo;apprentissage hybride<\/h2>\n\n<p>Partout dans le monde, les organisations ont donn\u00e9 \u00e0 leurs employ\u00e9s plus de flexibilit\u00e9 quant au lieu et au moment o\u00f9 ils travaillent. Au d\u00e9but, simplement parce qu&rsquo;elles n&rsquo;avaient pas d&rsquo;autre choix, mais elles reconnaissent de plus en plus que c&rsquo;est le bon choix. La flexibilit\u00e9 accrue ne b\u00e9n\u00e9ficiera pas seulement \u00e0 la fa\u00e7on dont nous travaillons, mais aussi \u00e0 la fa\u00e7on dont nous apprenons. <\/p>\n\n<p>Finies les salles de r\u00e9union ou les centres d&rsquo;\u00e9v\u00e9nements bond\u00e9s o\u00f9 des personnes du monde entier re\u00e7oivent la m\u00eame formation au m\u00eame moment. Dans la m\u00e9thode hybride de travail et d&rsquo;apprentissage, nous passons \u00e0 une <strong>approche mixte d&rsquo;apprentissage synchrone et asynchrone<\/strong>. En combinant par exemple des sessions de groupe virtuelles avec des cours individuels \u00e0 son propre rythme. De cette mani\u00e8re, les parcours d&rsquo;apprentissage peuvent non seulement se d\u00e9rouler ind\u00e9pendamment du temps et du lieu, mais aussi traverser les fronti\u00e8res pour stimuler le d\u00e9veloppement global.<\/p>\n\n<p>Si vous voulez vous faire une id\u00e9e de ce \u00e0 quoi ressemble l&rsquo;apprentissage mixte, d\u00e9couvrez ce que nous avons r\u00e9alis\u00e9 pour <a href=\"https:\/\/www.beanmachine.be\/client-cases\/etex-global-leadership-development-program-for-first-line-managers\/\">Etex<\/a>. En collaboration avec une \u00e9quipe interne de design L&amp;D, nous avons cr\u00e9\u00e9 un programme de d\u00e9veloppement du leadership impactant. Et nous avons eu beaucoup de plaisir \u00e0 le mettre en \u0153uvre !<\/p>\n\n<h2 class=\"wp-block-heading\">4 &#8211; Il est plus facile de perdre pied dans un environnement de travail hybride<\/h2>\n\n<p>En travaillant \u00e0 distance l&rsquo;ann\u00e9e derni\u00e8re, tout le monde \u00e9tait dans la m\u00eame situation. Nous devions tous passer nos journ\u00e9es \u00e0 aller d&rsquo;une r\u00e9union virtuelle \u00e0 l&rsquo;autre, avec quelques verres virtuels le vendredi si nous avions de la chance. Avec le mode de travail hybride, il est devenu plus facile de perdre pied.<\/p>\n\n<p>Dans un cadre hybride, certains membres de l&rsquo;\u00e9quipe seront physiquement pr\u00e9sents sur le lieu de travail, tandis que d&rsquo;autres travailleront depuis un autre endroit. <strong>Divisant l&rsquo;\u00e9quipe initiale en \u00ab\u00a0\u00e9quipe au bureau\u00a0\u00bb et \u00ab\u00a0\u00e9quipe \u00e0 la maison\u00a0\u00bb. <\/strong> Selon Kathleen Vangronsvelt, professeur en GRH et comportement organisationnel \u00e0 l&rsquo;Antwerp Management School, cette division entra\u00eenera la <a href=\"https:\/\/hrmagazine.be\/nl\/posts\/nog-niet-wat-zegt-de-wetenschap-over-in-en-out-groups\" rel=\"nofollow noopener\" target=\"_blank\">formation de groupes internes et externes<\/a>. Comme l'\u00a0\u00bb\u00e9quipe du bureau\u00a0\u00bb passe plus de temps physiquement ensemble, elle formera le groupe interne et renforcera son identit\u00e9 en tant que groupe en soulignant ses diff\u00e9rences avec le groupe externe, \u00e0 savoir l'\u00a0\u00bb\u00e9quipe travaillant \u00e0 domicile\u00a0\u00bb.<\/p>\n\n<p>Si l&rsquo;on ajoute \u00e0 cela la premi\u00e8re tendance, o\u00f9 les r\u00e9unions hybrides entra\u00eenent des tensions et des frustrations, et la deuxi\u00e8me tendance, o\u00f9 nous avons perdu les connexions entre les membres de l&rsquo;\u00e9quipe, on peut affirmer sans risque de se tromper que l&rsquo;existence de groupes internes et externes aura un impact significatif sur la productivit\u00e9 et les performances. <\/p>\n\n<h2 class=\"wp-block-heading\">5 &#8211; Veiller \u00e0 notre s\u00e9curit\u00e9 nuit en fait \u00e0 notre s\u00e9curit\u00e9 psychologique<\/h2>\n\n<p>La s\u00e9curit\u00e9 psychologique &#8211; la conviction que l&rsquo;on peut s&rsquo;exprimer sans risquer d&rsquo;\u00eatre puni ou humili\u00e9 &#8211; est un <a href=\"https:\/\/hbr.org\/amp\/2021\/04\/what-psychological-safety-looks-like-in-a-hybrid-workplace\" rel=\"nofollow noopener\" target=\"_blank\">facteur cl\u00e9 de la performance d&rsquo;une \u00e9quipe<\/a>. Rien de nouveau, n&rsquo;est-ce pas? M\u00eame si ce concept d&rsquo;Amy Edmondson existe depuis un certain temps, les organisations ont encore du mal \u00e0 promouvoir cette culture de la s\u00e9curit\u00e9 psychologique. <\/p>\n\n<p>Dans un mode de travail hybride, cela devient encore plus difficile pour deux raisons. Tout d&rsquo;abord, il y a une grande diff\u00e9rence entre s&rsquo;ouvrir \u00e0 son sup\u00e9rieur en personne et partager ses opinions et sentiments personnels avec son \u00e9cran d&rsquo;ordinateur. La s\u00e9curit\u00e9 psychologique consiste \u00e0 exprimer ses pr\u00e9occupations, \u00e0 admettre ses \u00e9checs et \u00e0 parler de sujets difficiles. Cela n\u00e9cessite un certain <strong>niveau de confiance et de connexion<\/strong> avec l&rsquo;autre personne, un sentiment que beaucoup ont perdu au cours de l&rsquo;ann\u00e9e \u00e9coul\u00e9e. <\/p>\n\n<p>Deuxi\u00e8mement, comme nous l&rsquo;avons d\u00e9j\u00e0 mentionn\u00e9, les responsables RH et les managers doivent d\u00e9sormais prendre en compte les circonstances personnelles pour r\u00e9spoudre le puzzle du travail hybride. Soudain, <strong> il ne s&rsquo;agit plus seulement de travail<\/strong>. La fronti\u00e8re entre notre vie priv\u00e9e et notre vie professionnelle s&rsquo;est estomp\u00e9e. S&rsquo;il fallait d\u00e9j\u00e0 beaucoup de courage pour s&rsquo;exprimer et accepter les tensions et les \u00e9checs, il est encore plus difficile d&rsquo;avoir des discussions psychologiquement s\u00fbres sur les questions d&rsquo;\u00e9quilibre entre la vie professionnelle et la vie priv\u00e9e.<\/p>\n\n<h2 class=\"wp-block-heading\">6 &#8211; Les nouvelles composantes de la productivit\u00e9<\/h2>\n\n<p><em>\u201cAu cours de l&rsquo;ann\u00e9e \u00e9coul\u00e9e, aucun domaine n&rsquo;a connu de transformation plus rapide que notre fa\u00e7on de travailler. Les attentes des employ\u00e9s \u00e9voluent et nous devrons d\u00e9finir la productivit\u00e9 de mani\u00e8re beaucoup plus large, en y incluant la collaboration, l&rsquo;apprentissage et le bien-\u00eatre.\u201d<\/em> &#8211; <a href=\"https:\/\/hbr.org\/2021\/03\/what-a-year-of-wfh-has-done-to-our-relationships-at-work?ab=hero-main-text\" rel=\"nofollow noopener\" target=\"_blank\">Satya Nadella, CEO de Microsoft<\/a><\/p>\n\n<p>Notre sixi\u00e8me et derni\u00e8re tendance revient \u00e0 r\u00e9sumer les cinq pr\u00e9c\u00e9dentes. Une fa\u00e7on diff\u00e9rente de travailler exige \u00e9galement une fa\u00e7on diff\u00e9rente d&rsquo;envisager certains aspects de notre organisation, tels que la productivit\u00e9. Pendant des ann\u00e9es, nous avons appris que les probl\u00e8mes de productivit\u00e9 \u00e9taient li\u00e9s \u00e0 des probl\u00e8mes de processus. Si vous corrigez le processus, vous r\u00e9glerez le probl\u00e8me. Mais la productivit\u00e9 est fortement influenc\u00e9e par la collaboration au sein de l&rsquo;\u00e9quipe, qui est elle-m\u00eame impact\u00e9e par les dynamiques d&rsquo;\u00e9quipe sous-jacentes telles que la coh\u00e9sion, l&rsquo;appartenance et la s\u00e9curit\u00e9 psychologique.<\/p>\n\n<p>Ainsi, lorsqu&rsquo;ils \u00e9laborent le casse-t\u00eate d&rsquo;une main-d&rsquo;\u0153uvre hybride productive, les responsables RH et les managers ne devront pas seulement tenir compte des besoins de leurs employ\u00e9s au niveau individuel. Il est tout aussi important, sinon plus, de <a href=\"https:\/\/www.jigso.com\/why-organisations-must-spend-at-least-as-much-attention-on-teams-as-individuals\/\" rel=\"nofollow noopener\" target=\"_blank\">pr\u00eater attention \u00e0 une entit\u00e9 plus vuln\u00e9rable : <strong>l&rsquo;\u00e9quipe<\/strong><\/a><strong>.<\/strong><\/p>\n\n<h2 class=\"wp-block-heading\">Alors comment passer \u00e0 l&rsquo;hybride ?<\/h2>\n\n<p>Comme indiqu\u00e9 dans la premi\u00e8re tendance, la mani\u00e8re de passer \u00e0 l&rsquo;hybride n&rsquo;est pas grav\u00e9e dans le marbre. Ce n&rsquo;est pas non plus quelque chose que vous pourrez faire du jour au lendemain. Le passage \u00e0 l&rsquo;hybride exige beaucoup de <strong>r\u00e9flexion et d&rsquo;attention<\/strong>, permettant un changement profond du comportement et de la culture de l&rsquo;organisation. En tant que responsable RH ou manager, vous devrez am\u00e9nager des conditions de travail hybrides en <a href=\"https:\/\/hbr-org.cdn.ampproject.org\/c\/s\/hbr.org\/amp\/2021\/05\/how-to-do-hybrid-right\" rel=\"nofollow noopener\" target=\"_blank\"><strong>gardant \u00e0 l&rsquo;esprit les pr\u00e9occupations des individus<\/strong>, et pas seulement celles des institutions.<\/a>.<\/p>\n\n<p>Si vous \u00eates en qu\u00eate d&rsquo;inspiration, nous vous recommandons cet <a href=\"https:\/\/www.inthepocket.com\/blog\/hybrid-way-of-working-from-foe-to-friend\" rel=\"nofollow noopener\" target=\"_blank\">article <\/a> d&rsquo;Emma Braeye, VP People chez In the Pocket, sur leur cheminement vers un mode de travail hybride. Elle explique comment elle essaie de trouver le juste milieu entre le maintien de la culture d&rsquo;entreprise et la libert\u00e9 de choix de ses \u00e9quipes. <\/p>\n\n<p>Si vous pensez avoir besoin d&rsquo;aide pour r\u00e9soudre le casse-t\u00eate de la main-d&rsquo;\u0153uvre hybride, contactez-nous ! Chez Beanmachine, nous concevons et fournissons des solutions centr\u00e9es sur l&rsquo;humain, bas\u00e9es sur la science du comportement.<\/p>\n\n<p><em>Notre mission est de permettre \u00e0 vos collaborateurs et \u00e0 votre entreprise de grandir, \u00e9galement dans le cadre du nouveau mode de travail hybride. <\/em><\/p>\n","protected":false},"excerpt":{"rendered":"<p>Il y a encore quelques ann\u00e9es, on parlait surtout de voitures hybrides. Aujourd&rsquo;hui, apr\u00e8s une p\u00e9riode de travail \u00e0 distance, nous assistons \u00e0 une \u00e9volution vers un mode de travail hybride. Les entreprises s&rsquo;impatientent de ramener leurs employ\u00e9s au bureau. Si certains employ\u00e9s ressentent le m\u00eame besoin, d&rsquo;autres sont plus r\u00e9ticents \u00e0 abandonner leur espace [&hellip;]<\/p>\n","protected":false},"author":4,"featured_media":3021,"comment_status":"closed","ping_status":"closed","sticky":false,"template":"","format":"standard","meta":{"_acf_changed":false,"content-type":"","footnotes":""},"categories":[153,152,151,190],"tags":[],"class_list":["post-6722","post","type-post","status-publish","format-standard","has-post-thumbnail","hentry","category-cultural-transformation-fr","category-developpement-de-lequipe","category-developpement-du-leadership","category-organization-design-fr"],"acf":[],"_links":{"self":[{"href":"https:\/\/beanmachine.be\/fr\/wp-json\/wp\/v2\/posts\/6722","targetHints":{"allow":["GET"]}}],"collection":[{"href":"https:\/\/beanmachine.be\/fr\/wp-json\/wp\/v2\/posts"}],"about":[{"href":"https:\/\/beanmachine.be\/fr\/wp-json\/wp\/v2\/types\/post"}],"author":[{"embeddable":true,"href":"https:\/\/beanmachine.be\/fr\/wp-json\/wp\/v2\/users\/4"}],"replies":[{"embeddable":true,"href":"https:\/\/beanmachine.be\/fr\/wp-json\/wp\/v2\/comments?post=6722"}],"version-history":[{"count":0,"href":"https:\/\/beanmachine.be\/fr\/wp-json\/wp\/v2\/posts\/6722\/revisions"}],"wp:featuredmedia":[{"embeddable":true,"href":"https:\/\/beanmachine.be\/fr\/wp-json\/wp\/v2\/media\/3021"}],"wp:attachment":[{"href":"https:\/\/beanmachine.be\/fr\/wp-json\/wp\/v2\/media?parent=6722"}],"wp:term":[{"taxonomy":"category","embeddable":true,"href":"https:\/\/beanmachine.be\/fr\/wp-json\/wp\/v2\/categories?post=6722"},{"taxonomy":"post_tag","embeddable":true,"href":"https:\/\/beanmachine.be\/fr\/wp-json\/wp\/v2\/tags?post=6722"}],"curies":[{"name":"wp","href":"https:\/\/api.w.org\/{rel}","templated":true}]}}