{"id":9722,"date":"2025-12-05T13:07:52","date_gmt":"2025-12-05T12:07:52","guid":{"rendered":"https:\/\/beanmachine.be\/?p=9722"},"modified":"2025-12-05T13:25:56","modified_gmt":"2025-12-05T12:25:56","slug":"la-regulation-emotionnelle","status":"publish","type":"post","link":"https:\/\/beanmachine.be\/fr\/la-regulation-emotionnelle\/","title":{"rendered":"Votre syst\u00e8me nerveux comme outil de leadership"},"content":{"rendered":"\t\t<div data-elementor-type=\"wp-post\" data-elementor-id=\"9722\" class=\"elementor elementor-9722 elementor-9721\" data-elementor-post-type=\"post\">\n\t\t\t\t<div class=\"elementor-element elementor-element-c85a876 e-flex e-con-boxed e-con e-parent\" data-id=\"c85a876\" data-element_type=\"container\" data-e-type=\"container\">\n\t\t\t\t\t<div class=\"e-con-inner\">\n\t\t\t\t<div class=\"elementor-element elementor-element-41c105c8 elementor-widget elementor-widget-text-editor\" data-id=\"41c105c8\" data-element_type=\"widget\" data-e-type=\"widget\" data-widget_type=\"text-editor.default\">\n\t\t\t\t<div class=\"elementor-widget-container\">\n\t\t\t\t\t\t\t\t\t<h3 data-start=\"3868\" data-end=\"4005\"><em data-start=\"3922\" data-end=\"4005\">Pourquoi la r\u00e9gulation \u00e9motionnelle est le cha\u00eenon manquant du leadership moderne<\/em><\/h3><p data-start=\"4007\" data-end=\"4359\">Vous connaissez la sc\u00e8ne. Votre agenda d\u00e9borde, un changement n\u2019est pas encore int\u00e9gr\u00e9 que le suivant arrive d\u00e9j\u00e0. Votre \u00e9quipe attend de la clart\u00e9, de la stabilit\u00e9, des d\u00e9cisions. Et quelque part entre la 6e et la 7e r\u00e9union, vous remarquez : votre m\u00e8che se raccourcit, votre attention se fragmente, vous r\u00e9agissez plus vite que vous ne le voudriez.<\/p><p data-start=\"4361\" data-end=\"4567\">Beaucoup de leaders cherchent alors la solution dans un nouveau mod\u00e8le, un outil de plus, un \u00e9ni\u00e8me framework. Et si le v\u00e9ritable levier ne se trouvait pas dans votre t\u00eate, mais dans votre syst\u00e8me nerveux ?<\/p><p data-start=\"4569\" data-end=\"4836\">Dans le prochain num\u00e9ro de notre Beanzine (f\u00e9vrier), Evert Desmidt d\u00e9cortique la r\u00e9gulation \u00e9motionnelle comme une <em data-start=\"4684\" data-end=\"4695\">v\u00e9ritable<\/em> comp\u00e9tence centrale de leadership. Pas un \u201csoft skill\u201d sympa \u00e0 avoir, mais une condition dure pour diriger de fa\u00e7on s\u00fbre, lucide et durable.<\/p><h3 data-start=\"4843\" data-end=\"4887\">Du pilote automatique au choix conscient<\/h3><p data-start=\"4889\" data-end=\"4991\">Le basculement cl\u00e9 ? Voir quand vous \u00eates d\u00e9clench\u00e9, <em data-start=\"4942\" data-end=\"4949\">avant<\/em> de r\u00e9agir.<br data-start=\"4960\" data-end=\"4963\" \/>Ce moment o\u00f9 vous r\u00e9alisez :<\/p><ul><li data-start=\"4995\" data-end=\"5032\">que votre rythme cardiaque acc\u00e9l\u00e8re<\/li><li data-start=\"5035\" data-end=\"5076\">que vous vous surprenez \u00e0 moins \u00e9couter<\/li><li data-start=\"5079\" data-end=\"5135\">que vous devenez plus cynique ou que vous vous retirez<\/li><\/ul><p data-start=\"5137\" data-end=\"5297\">C\u2019est l\u00e0 que l\u2019espace appara\u00eet : restez-vous sur pilote automatique, ou choisissez-vous consciemment la fa\u00e7on dont vous voulez vous montrer en tant que leader ?<\/p><p data-start=\"5299\" data-end=\"5373\">Cette microseconde entre le d\u00e9clencheur et la r\u00e9action d\u00e9termine souvent :<\/p><ul><li data-start=\"5377\" data-end=\"5426\">si une conversation s\u2019envenime ou s\u2019approfondit<\/li><li data-start=\"5429\" data-end=\"5481\">si vous d\u00e9cidez depuis la peur ou depuis la clart\u00e9<\/li><li data-start=\"5484\" data-end=\"5586\">si votre \u00e9quipe vous per\u00e7oit comme un point d\u2019ancrage pr\u00e9visible ou comme une girouette \u00e9motionnelle<\/li><\/ul><h3 data-start=\"5593\" data-end=\"5638\">La r\u00e9gulation comme fabriquant de culture<\/h3><p data-start=\"5640\" data-end=\"5737\">Dans l\u2019article, Evert montre comment votre capacit\u00e9 de r\u00e9gulation impr\u00e8gne toute l\u2019organisation :<\/p><ul><li data-start=\"5741\" data-end=\"5848\"><strong data-start=\"5741\" data-end=\"5753\">S\u00e9curit\u00e9<\/strong> \u2013 Un leader qui reste pr\u00e9sent et disponible sous pression cr\u00e9e de la s\u00e9curit\u00e9 psychologique.<\/li><li data-start=\"5851\" data-end=\"5959\"><strong data-start=\"5851\" data-end=\"5863\">D\u00e9cision<\/strong> \u2013 Un leader r\u00e9gul\u00e9 d\u00e9cide moins par r\u00e9flexe, davantage en fonction de la direction \u00e0 prendre.<\/li><li data-start=\"5962\" data-end=\"6079\"><strong data-start=\"5962\" data-end=\"5973\">Culture<\/strong> \u2013 La r\u00e9gulation est contagieuse. Votre fa\u00e7on de g\u00e9rer le stress, les \u00e9motions et la tension donne le ton.<\/li><\/ul><p data-start=\"6081\" data-end=\"6246\">Et non, cela ne demande pas des heures de m\u00e9ditation par jour. Cela demande plut\u00f4t de petites interventions intelligentes qui embarquent aussi votre syst\u00e8me nerveux.<\/p><h3 data-start=\"6253\" data-end=\"6306\">Des micro-interventions qui tiennent dans le r\u00e9el<\/h3><p data-start=\"6308\" data-end=\"6401\">Dans l\u2019article complet du Beanzine, Evert partage des micro-pratiques tr\u00e8s concr\u00e8tes, comme :<\/p><ul><li data-start=\"6405\" data-end=\"6567\"><em data-start=\"6405\" data-end=\"6436\">Le souffle comme bouton reset<\/em> \u2013 Comment une seule respiration consciente peut d\u00e9j\u00e0 changer le ton avant que vous ne preniez la parole dans une r\u00e9union tendue.<\/li><li data-start=\"6570\" data-end=\"6719\"><em data-start=\"6570\" data-end=\"6588\">Le \u201cMeta Moment\u201d<\/em> \u2013 Cette question simple, \u00ab Comment ai-je envie d\u2019appara\u00eetre maintenant ? \u00bb, comme gamechanger dans les conversations de conflit.<\/li><li data-start=\"6722\" data-end=\"6841\"><em data-start=\"6722\" data-end=\"6747\">Examiner votre histoire<\/em> \u2013 Pourquoi ce ne sont pas vos \u00e9motions mais vos pens\u00e9es qui alimentent vraiment votre stress.<\/li><\/ul><p data-start=\"6843\" data-end=\"7001\">Pas de conseils perch\u00e9s, mais des outils concrets, applicables d\u00e8s demain dans votre prochain 1-to-1, meeting d\u2019\u00e9quipe ou pr\u00e9sentation au comit\u00e9 de direction.<\/p><h3 data-start=\"7008\" data-end=\"7035\">\u00c0 propos d&rsquo;Evert Desmidt\u00a0<\/h3><p data-start=\"7037\" data-end=\"7575\"><a href=\"https:\/\/beanmachine.be\/fr\/team-member\/evert-desmidt-2\/\" target=\"_blank\" rel=\"noopener\">Evert<\/a> fait partie de ces personnes qui apaisent une salle d\u00e8s qu\u2019elles entrent. Non pas en se taisant, mais en \u00e9tant pleinement pr\u00e9sentes.<br data-start=\"7176\" data-end=\"7179\" \/>Il capte tr\u00e8s vite ce qui se joue dans un groupe, met des mots sur les dynamiques souterraines sans dramatiser et combine une grande douceur avec des questions qui piquent. Son travail tourne autour du leadership, du d\u00e9veloppement d\u2019\u00e9quipe et de nouvelles formes d\u2019organisation. Non via de grandes th\u00e9ories, mais via de petites interventions cibl\u00e9es qui remettent du mouvement l\u00e0 o\u00f9 \u00e7a coince.<\/p><p data-start=\"7577\" data-end=\"7984\">Il tisse ensemble coaching, facilitation de groupe, pens\u00e9e syst\u00e9mique et apports de la pleine conscience et de l\u2019intelligence \u00e9motionnelle. Toujours avec une oreille fine pour ce qui est vivant, et un grand c\u0153ur pour la croissance. Et lorsqu\u2019il n\u2019accompagne pas des leaders, vous le trouverez souvent sur son v\u00e9lo, dans la nature ou plong\u00e9 dans un nouveau livre. Toujours en chemin. Toujours en exploration.<\/p><p data-start=\"7577\" data-end=\"7984\">\u00a0<\/p><hr data-start=\"7986\" data-end=\"7989\" \/><p data-start=\"7991\" data-end=\"8182\">\u00a0<\/p><p data-start=\"7991\" data-end=\"8182\">En f\u00e9vrier, notre Beanzine plongera plus en profondeur dans ce th\u00e8me avec l\u2019article complet d\u2019Evert Desmidt : <strong data-start=\"8101\" data-end=\"8180\">\u00ab La r\u00e9gulation \u00e9motionnelle : le maillon oubli\u00e9 d\u2019un leadership durable. \u00bb<\/strong><\/p><p data-start=\"8184\" data-end=\"8379\" data-is-last-node=\"\" data-is-only-node=\"\">Envie d\u2019\u00e9lever votre leadership non seulement sur le plan strat\u00e9gique, mais aussi \u00e0 partir de votre syst\u00e8me nerveux ?<br data-start=\"8301\" data-end=\"8304\" \/>Gardez un \u0153il sur notre <a href=\"https:\/\/beanmachine.be\/tool\/beanzine\/\" target=\"_blank\" rel=\"noopener\">Beanzine<\/a>!<\/p>\t\t\t\t\t\t\t\t<\/div>\n\t\t\t\t<\/div>\n\t\t\t\t\t<\/div>\n\t\t\t\t<\/div>\n\t\t\t\t<\/div>\n\t\t","protected":false},"excerpt":{"rendered":"<p>Dans le paysage professionnel actuel, qui \u00e9volue rapidement, les espaces de travail hybrides sont devenus la nouvelle norme, m\u00ealant les interactions en face-\u00e0-face aux m\u00e9thodes de communication num\u00e9rique. Si ce mod\u00e8le hybride offre flexibilit\u00e9 et confort, il pr\u00e9sente \u00e9galement des d\u00e9fis uniques, en particulier lorsqu&rsquo;il s&rsquo;agit d&rsquo;encourager une culture du feedback.<\/p>\n","protected":false},"author":4,"featured_media":9758,"comment_status":"closed","ping_status":"closed","sticky":false,"template":"","format":"standard","meta":{"_acf_changed":false,"content-type":"","footnotes":""},"categories":[14,81,91,80],"tags":[226,229],"class_list":["post-9722","post","type-post","status-publish","format-standard","has-post-thumbnail","hentry","category-cultural-change","category-cultuurverandering","category-leiderschapsontwikkeling","category-teamontwikkeling","tag-tools","tag-tools-fr"],"acf":[],"_links":{"self":[{"href":"https:\/\/beanmachine.be\/fr\/wp-json\/wp\/v2\/posts\/9722","targetHints":{"allow":["GET"]}}],"collection":[{"href":"https:\/\/beanmachine.be\/fr\/wp-json\/wp\/v2\/posts"}],"about":[{"href":"https:\/\/beanmachine.be\/fr\/wp-json\/wp\/v2\/types\/post"}],"author":[{"embeddable":true,"href":"https:\/\/beanmachine.be\/fr\/wp-json\/wp\/v2\/users\/4"}],"replies":[{"embeddable":true,"href":"https:\/\/beanmachine.be\/fr\/wp-json\/wp\/v2\/comments?post=9722"}],"version-history":[{"count":0,"href":"https:\/\/beanmachine.be\/fr\/wp-json\/wp\/v2\/posts\/9722\/revisions"}],"wp:featuredmedia":[{"embeddable":true,"href":"https:\/\/beanmachine.be\/fr\/wp-json\/wp\/v2\/media\/9758"}],"wp:attachment":[{"href":"https:\/\/beanmachine.be\/fr\/wp-json\/wp\/v2\/media?parent=9722"}],"wp:term":[{"taxonomy":"category","embeddable":true,"href":"https:\/\/beanmachine.be\/fr\/wp-json\/wp\/v2\/categories?post=9722"},{"taxonomy":"post_tag","embeddable":true,"href":"https:\/\/beanmachine.be\/fr\/wp-json\/wp\/v2\/tags?post=9722"}],"curies":[{"name":"wp","href":"https:\/\/api.w.org\/{rel}","templated":true}]}}